{"id":236,"date":"2022-03-06T10:57:05","date_gmt":"2022-03-06T07:57:05","guid":{"rendered":"https:\/\/www.jalesayar.com\/?p=236"},"modified":"2022-03-06T11:06:43","modified_gmt":"2022-03-06T08:06:43","slug":"gunluk-2","status":"publish","type":"post","link":"https:\/\/www.jalesayar.com\/index.php\/2022\/03\/06\/gunluk-2\/","title":{"rendered":"G\u00fcnl\u00fck&#8230;"},"content":{"rendered":"\n<p>g\u00fcya her hafta hatta g\u00fcn g\u00fcnl\u00fck yazaca\u011f\u0131m diye s\u00f6z vermi\u015ftim ama yalan oldu .<\/p>\n\n\n\n<p>Ama pes etmiyorum akl\u0131ma geldi\u011fi aman yazaca\u011f\u0131m.<\/p>\n\n\n\n<p>\u00d6rne\u011fin 2022 ba\u015flang\u0131c\u0131n\u0131 g\u00fcnl\u00fck gibi \u00f6zetleyerek anlatabilirim.<\/p>\n\n\n\n<p>Neden olmas\u0131n?<\/p>\n\n\n\n<p>Ama\u00e7 an\u0131 b\u0131rakmak,i\u00e7ini d\u00f6kmek de\u011fil mi ?<\/p>\n\n\n\n<p>Aylardan Mart, y\u0131llardan 2022 oldu.<\/p>\n\n\n\n<p>Pandemi belas\u0131 bitti gibi ki\u015filer oldu, nas\u0131l oldu anlamad\u0131k ama art\u0131k pandam\u0131 \u015fartlar\u0131 uygulanm\u0131yor.<\/p>\n\n\n\n<p>\u0130\u015fin asl\u0131 bo\u015f yere 2 sene e\u011fitimden mahrum kald\u0131 \u00e7ocuklar.<\/p>\n\n\n\n<p>Hadi di\u011fer kapanmalar bizlerde fark\u0131ndal\u0131k yaratsa da en \u00e7ok zarar\u0131 yeti\u015fkinli\u011fe ad\u0131m atan gen\u00e7ler g\u00f6rd\u00fc.<\/p>\n\n\n\n<p>\u00d6rne\u011fin benim o\u011flum kapanma ba\u015flad\u0131\u011f\u0131nda ortaokullu bir \u00e7ocuktu pandemi bitimi odadan tan\u0131mad\u0131\u011f\u0131m\u0131z lisesi bir erkek \u00e7\u0131kt\u0131.<\/p>\n\n\n\n<p>    <\/p>\n\n\n\n<p>Az\u0131 var ,fazlas\u0131 yok yazd\u0131\u011f\u0131m durumun .<\/p>\n\n\n\n<p><\/p>\n\n\n\n<p>2022 de ayd\u0131nlanamad\u0131k.<\/p>\n\n\n\n<p>Rusya Ukranya sava\u015f\u0131 ba\u015flad\u0131,durum 3.d\u00fcnya sava\u015f\u0131na do\u011fru gidiyor.<\/p>\n\n\n\n<p>\u0130nan\u0131l\u0131r gibi de\u011fil, g\u00fcya pandam\u0131 de d\u00fcnya i\u015ferinin bo\u015f oldu\u011funu anlad\u0131k&#8230;<\/p>\n\n\n\n<p>Anlamam\u0131\u015f kimse .<\/p>\n\n\n\n<p>Hatta kendisini \u00f6l\u00fcms\u00fcz zanneden liderlerle ku\u015fat\u0131lm\u0131\u015f\u0131z.<\/p>\n\n\n\n<p>Ge\u00e7en sene ve bu sene ba\u015f\u0131nda \u00e7o\u011fu astrolog bu olaylar\u0131n olaca\u011f\u0131n\u0131 yazd\u0131,\u00e7izdi anlatt\u0131 hatta 2019&#8217;larda \u00f6ng\u00f6r\u00fc verenler oldu.<\/p>\n\n\n\n<p>Bir tanesi t\u00fcm ekip olarak gaz maskelerini ald\u0131,gaz lambalar\u0131n\u0131 haz\u0131rlad\u0131.<\/p>\n\n\n\n<p>Haks\u0131z da de\u011fillermi\u015f.<\/p>\n\n\n\n<p>Resmen medeni bir \u00fclkede sava\u015f \u00e7\u0131kt\u0131.<\/p>\n\n\n\n<p>G\u00fczelim insanlar peri\u015fan halde.<\/p>\n\n\n\n<p>Ukrayna halk\u0131 gercek bir vatansevermi\u015f onu da g\u00f6rd\u00fck.<\/p>\n\n\n\n<p>Bu k\u00fclt\u00fcre sayg\u0131m artt\u0131.<\/p>\n\n\n\n<p>Bizi \u00fclkede de i\u015fler kar\u0131\u015f\u0131k.<\/p>\n\n\n\n<p>Zamlar durdurulam\u0131yor,nas\u0131l ya\u015fanacak,nereye varacak bu durum belli de\u011fil.<\/p>\n\n\n\n<p>D\u00f6rt taraf\u0131 deniz verimli topraklar i\u00e7inde olan \u00fclkemiz \u00fcretimi durdurup tamamen in\u015faata y\u00f6neldi\u011fi i\u00e7in kald\u0131k b\u00f6yle d\u0131\u015f g\u00fc\u00e7lere ba\u011f\u0131ml\u0131.<\/p>\n\n\n\n<p>Bazen d\u00fc\u015f\u00fcn\u00fcyorum ne kadar zor olabilir bir \u00fclkeyi verimli adil bir \u015feklide y\u00f6netmek ?<\/p>\n\n\n\n<p>Cevab\u0131 bilmiyorum ama insallah t\u00fcnelin sonunda hepimiz i\u00e7in \u0131\u015f\u0131k vard\u0131r diye umut ediyorum.<\/p>\n\n\n\n<p>6 Mart 2022\/Pazar<\/p>\n\n\n\n<p><\/p>\n","protected":false},"excerpt":{"rendered":"<p>g\u00fcya her hafta hatta g\u00fcn g\u00fcnl\u00fck yazaca\u011f\u0131m diye s\u00f6z vermi\u015ftim ama yalan oldu . Ama pes etmiyorum akl\u0131ma geldi\u011fi aman yazaca\u011f\u0131m. \u00d6rne\u011fin 2022 ba\u015flang\u0131c\u0131n\u0131 g\u00fcnl\u00fck gibi \u00f6zetleyerek anlatabilirim. Neden olmas\u0131n? Ama\u00e7 an\u0131 b\u0131rakmak,i\u00e7ini d\u00f6kmek de\u011fil mi ? Aylardan Mart, y\u0131llardan 2022 oldu. Pandemi belas\u0131 bitti gibi ki\u015filer oldu, nas\u0131l oldu anlamad\u0131k ama art\u0131k pandam\u0131 \u015fartlar\u0131<\/p>\n","protected":false},"author":2,"featured_media":0,"comment_status":"open","ping_status":"open","sticky":false,"template":"","format":"standard","meta":{"spay_email":""},"categories":[15,1,8],"tags":[32],"jetpack_featured_media_url":"","_links":{"self":[{"href":"https:\/\/www.jalesayar.com\/index.php\/wp-json\/wp\/v2\/posts\/236"}],"collection":[{"href":"https:\/\/www.jalesayar.com\/index.php\/wp-json\/wp\/v2\/posts"}],"about":[{"href":"https:\/\/www.jalesayar.com\/index.php\/wp-json\/wp\/v2\/types\/post"}],"author":[{"embeddable":true,"href":"https:\/\/www.jalesayar.com\/index.php\/wp-json\/wp\/v2\/users\/2"}],"replies":[{"embeddable":true,"href":"https:\/\/www.jalesayar.com\/index.php\/wp-json\/wp\/v2\/comments?post=236"}],"version-history":[{"count":2,"href":"https:\/\/www.jalesayar.com\/index.php\/wp-json\/wp\/v2\/posts\/236\/revisions"}],"predecessor-version":[{"id":238,"href":"https:\/\/www.jalesayar.com\/index.php\/wp-json\/wp\/v2\/posts\/236\/revisions\/238"}],"wp:attachment":[{"href":"https:\/\/www.jalesayar.com\/index.php\/wp-json\/wp\/v2\/media?parent=236"}],"wp:term":[{"taxonomy":"category","embeddable":true,"href":"https:\/\/www.jalesayar.com\/index.php\/wp-json\/wp\/v2\/categories?post=236"},{"taxonomy":"post_tag","embeddable":true,"href":"https:\/\/www.jalesayar.com\/index.php\/wp-json\/wp\/v2\/tags?post=236"}],"curies":[{"name":"wp","href":"https:\/\/api.w.org\/{rel}","templated":true}]}}